{"id":1,"date":"2025-12-01T07:27:00","date_gmt":"2025-12-01T07:27:00","guid":{"rendered":"http:\/\/www.magicstudiophotos.fr\/?p=1"},"modified":"2026-02-04T15:56:59","modified_gmt":"2026-02-04T15:56:59","slug":"article1","status":"publish","type":"post","link":"https:\/\/www.magicstudiophotos.fr\/index.php\/2025\/12\/01\/article1\/","title":{"rendered":"Mon univers de photographe"},"content":{"rendered":"\n<p class=\"has-text-align-center\"><\/p>\n\n\n\n<p>Photographe passionn\u00e9e, depuis toujours, j\u2019aime capturer les <em>petits instants<\/em>, les sourires spontan\u00e9s\u2026 figer les moments <strong>pour les garder \u00e0 tout jamais<\/strong>.<br><br>Aujourd\u2019hui, je me lance enfin officiellement comme <strong>photographe professionnelle<\/strong>, avec l\u2019envie de cr\u00e9er des souvenirs uniques pour chaque famille et chaque enfant que je photographie \u00e0 B\u00e9thune et ses environs.<\/p>\n\n\n\n<p>Mon univers repose sur la <strong>simplicit\u00e9<\/strong>, le naturel et le <strong>confort de mes clients<\/strong>.<br>Chaque s\u00e9ance est pens\u00e9e pour que vous vous sentiez \u00e0 l\u2019aise, dans une ambiance d\u00e9tendue, et pour que vos \u00e9motions ressortent naturellement devant l\u2019objectif.<\/p>\n\n\n\n<p>Je propose des <strong>s\u00e9ances th\u00e9matiques pour enfants et familles<\/strong>, des <strong>portraits<\/strong>, des <strong>s\u00e9ances artistiques<\/strong>, ainsi que des <strong>prises de vue en ext\u00e9rieur<\/strong>, surtout en \u00e9t\u00e9 lorsque le temps le permet.<br>Toutes les photos sont <strong><em>soigneusement retouch\u00e9es avant d\u2019\u00eatre transmises<\/em><\/strong>.<br>La retouche n\u2019a pas pour but de transformer les images, mais de <strong>sublimer chaque photo<\/strong>, pour faire ressortir le maximum de son potentiel tout en gardant l\u2019<em>authenticit\u00e9 du moment<\/em>.<\/p>\n\n\n\n<p>Chaque s\u00e9ance se d\u00e9roule chez moi, \u00e0 mon domicile, dans un espace d\u00e9j\u00e0 pr\u00e9par\u00e9 selon le th\u00e8me choisi.<br>L\u2019id\u00e9e est de <strong>plonger directement dans l\u2019ambiance<\/strong>, pour profiter pleinement du moment et laisser place \u00e0 la spontan\u00e9it\u00e9.<br>Mon objectif est de capturer des <strong>\u00e9motions authentiques<\/strong> et des souvenirs qui resteront pr\u00e9cieux pour longtemps.<\/p>\n\n\n\n<p><\/p>\n\n\n\n<p>Apr\u00e8s la s\u00e9ance, les photos sont soigneusement s\u00e9lectionn\u00e9es et retouch\u00e9es.<br>Vous pouvez les recevoir via un <strong>lien en ligne s\u00e9curis\u00e9<\/strong> ou en <strong>version imprim\u00e9e directement \u00e0 domicile.<\/strong><br><strong><br><\/strong>Chaque image est pr\u00e9par\u00e9e pour que vos souvenirs soient parfaits et pr\u00eats \u00e0 \u00eatre admir\u00e9s.Je vous invite \u00e0 suivre mon aventure sur ce blog et sur mes r\u00e9seaux sociaux, et \u00e0 me contacter si vous souhaitez immortaliser vos moments pr\u00e9cieux avec des <strong>portraits et s\u00e9ances th\u00e9matiques enfants et familles \u00e0 B\u00e9thune.<\/strong><\/p>\n\n\n\n<figure class=\"wp-block-image size-large\"><img loading=\"lazy\" decoding=\"async\" width=\"1024\" height=\"683\" src=\"http:\/\/www.magicstudiophotos.fr\/wp-content\/uploads\/2026\/02\/f4012736-5257-45b0-a84b-16796cc9ba42-1-1024x683.png\" alt=\"\" class=\"wp-image-137\" srcset=\"https:\/\/www.magicstudiophotos.fr\/wp-content\/uploads\/2026\/02\/f4012736-5257-45b0-a84b-16796cc9ba42-1-1024x683.png 1024w, https:\/\/www.magicstudiophotos.fr\/wp-content\/uploads\/2026\/02\/f4012736-5257-45b0-a84b-16796cc9ba42-1-300x200.png 300w, https:\/\/www.magicstudiophotos.fr\/wp-content\/uploads\/2026\/02\/f4012736-5257-45b0-a84b-16796cc9ba42-1-768x512.png 768w, https:\/\/www.magicstudiophotos.fr\/wp-content\/uploads\/2026\/02\/f4012736-5257-45b0-a84b-16796cc9ba42-1.png 1536w\" sizes=\"auto, (max-width: 1024px) 100vw, 1024px\" \/><\/figure>\n","protected":false},"excerpt":{"rendered":"<p>Photographe passionn\u00e9e, depuis toujours, j\u2019aime capturer les petits instants, les sourires spontan\u00e9s\u2026 figer les moments pour les garder \u00e0 tout jamais. Aujourd\u2019hui, je me lance enfin officiellement comme photographe professionnelle, avec l\u2019envie de cr\u00e9er des souvenirs uniques pour chaque famille et chaque enfant que je photographie \u00e0 B\u00e9thune et ses environs. Mon univers repose sur&#8230;<\/p>\n","protected":false},"author":1,"featured_media":78,"comment_status":"open","ping_status":"open","sticky":false,"template":"","format":"standard","meta":{"footnotes":""},"categories":[1],"tags":[],"class_list":["post-1","post","type-post","status-publish","format-standard","has-post-thumbnail","hentry","category-blog"],"_links":{"self":[{"href":"https:\/\/www.magicstudiophotos.fr\/index.php\/wp-json\/wp\/v2\/posts\/1","targetHints":{"allow":["GET"]}}],"collection":[{"href":"https:\/\/www.magicstudiophotos.fr\/index.php\/wp-json\/wp\/v2\/posts"}],"about":[{"href":"https:\/\/www.magicstudiophotos.fr\/index.php\/wp-json\/wp\/v2\/types\/post"}],"author":[{"embeddable":true,"href":"https:\/\/www.magicstudiophotos.fr\/index.php\/wp-json\/wp\/v2\/users\/1"}],"replies":[{"embeddable":true,"href":"https:\/\/www.magicstudiophotos.fr\/index.php\/wp-json\/wp\/v2\/comments?post=1"}],"version-history":[{"count":3,"href":"https:\/\/www.magicstudiophotos.fr\/index.php\/wp-json\/wp\/v2\/posts\/1\/revisions"}],"predecessor-version":[{"id":157,"href":"https:\/\/www.magicstudiophotos.fr\/index.php\/wp-json\/wp\/v2\/posts\/1\/revisions\/157"}],"wp:featuredmedia":[{"embeddable":true,"href":"https:\/\/www.magicstudiophotos.fr\/index.php\/wp-json\/wp\/v2\/media\/78"}],"wp:attachment":[{"href":"https:\/\/www.magicstudiophotos.fr\/index.php\/wp-json\/wp\/v2\/media?parent=1"}],"wp:term":[{"taxonomy":"category","embeddable":true,"href":"https:\/\/www.magicstudiophotos.fr\/index.php\/wp-json\/wp\/v2\/categories?post=1"},{"taxonomy":"post_tag","embeddable":true,"href":"https:\/\/www.magicstudiophotos.fr\/index.php\/wp-json\/wp\/v2\/tags?post=1"}],"curies":[{"name":"wp","href":"https:\/\/api.w.org\/{rel}","templated":true}]}}